{"id":3092,"date":"2023-08-28T12:01:59","date_gmt":"2023-08-28T10:01:59","guid":{"rendered":"https:\/\/www.maison-berghman.bio\/?p=3092"},"modified":"2023-09-11T14:21:51","modified_gmt":"2023-09-11T12:21:51","slug":"la-lime-top-depart-de-la-recolte-en-ce-debut-septembre","status":"publish","type":"post","link":"https:\/\/www.maison-berghman.bio\/en\/la-lime-top-depart-de-la-recolte-en-ce-debut-septembre\/","title":{"rendered":"The lime harvest kicks off in early September"},"content":{"rendered":"<div data-elementor-type=\"wp-post\" data-elementor-id=\"3092\" class=\"elementor elementor-3092\" data-elementor-post-type=\"post\">\n\t\t\t\t\t\t<section class=\"elementor-section elementor-top-section elementor-element elementor-element-c399c70 elementor-section-boxed elementor-section-height-default elementor-section-height-default\" data-id=\"c399c70\" data-element_type=\"section\">\n\t\t\t\t\t\t<div class=\"elementor-container elementor-column-gap-default\">\n\t\t\t\t\t<div class=\"elementor-column elementor-col-100 elementor-top-column elementor-element elementor-element-612c960e\" data-id=\"612c960e\" data-element_type=\"column\">\n\t\t\t<div class=\"elementor-widget-wrap elementor-element-populated\">\n\t\t\t\t\t\t<div class=\"elementor-element elementor-element-e418748 elementor-widget elementor-widget-image\" data-id=\"e418748\" data-element_type=\"widget\" data-widget_type=\"image.default\">\n\t\t\t\t<div class=\"elementor-widget-container\">\n\t\t\t\t\t\t\t\t\t\t\t\t\t\t\t<img fetchpriority=\"high\" decoding=\"async\" width=\"800\" height=\"641\" src=\"https:\/\/www.maison-berghman.bio\/wp-content\/uploads\/2023\/08\/Lime-plateau-4-kg.jpg\" class=\"attachment-large size-large wp-image-2760\" alt=\"\" srcset=\"https:\/\/www.maison-berghman.bio\/wp-content\/uploads\/2023\/08\/Lime-plateau-4-kg.jpg 852w, https:\/\/www.maison-berghman.bio\/wp-content\/uploads\/2023\/08\/Lime-plateau-4-kg-300x240.jpg 300w, https:\/\/www.maison-berghman.bio\/wp-content\/uploads\/2023\/08\/Lime-plateau-4-kg-768x616.jpg 768w, https:\/\/www.maison-berghman.bio\/wp-content\/uploads\/2023\/08\/Lime-plateau-4-kg-600x481.jpg 600w\" sizes=\"(max-width: 800px) 100vw, 800px\" \/>\t\t\t\t\t\t\t\t\t\t\t\t\t\t\t<\/div>\n\t\t\t\t<\/div>\n\t\t\t\t<section class=\"elementor-section elementor-inner-section elementor-element elementor-element-6bb2c8d8 elementor-section-boxed elementor-section-height-default elementor-section-height-default elementor-invisible\" data-id=\"6bb2c8d8\" data-element_type=\"section\" data-settings=\"{&quot;background_background&quot;:&quot;classic&quot;,&quot;animation&quot;:&quot;fadeInUp&quot;}\">\n\t\t\t\t\t\t<div class=\"elementor-container elementor-column-gap-default\">\n\t\t\t\t\t<div class=\"elementor-column elementor-col-100 elementor-inner-column elementor-element elementor-element-1657658f\" data-id=\"1657658f\" data-element_type=\"column\">\n\t\t\t<div class=\"elementor-widget-wrap elementor-element-populated\">\n\t\t\t\t\t\t<div class=\"elementor-element elementor-element-5449049a elementor-widget elementor-widget-text-editor\" data-id=\"5449049a\" data-element_type=\"widget\" data-widget_type=\"text-editor.default\">\n\t\t\t\t<div class=\"elementor-widget-container\">\n\t\t\t\t\t\t\t\t\t<p><span style=\"color: #ffffff;\"><strong>Les limes de <span style=\"caret-color: #000000;\">Tahiti<\/span> bio de la Maison Berghman sont r\u00e9colt\u00e9es en septembre et octobre.<br \/>C&rsquo;est le top d\u00e9part pour nos cueilleurs qui vont encha\u00eener la r\u00e9colte des diff\u00e9rents agrumes de la Maison Berghman.<\/strong><\/span><\/p>\t\t\t\t\t\t\t\t<\/div>\n\t\t\t\t<\/div>\n\t\t\t\t\t<\/div>\n\t\t<\/div>\n\t\t\t\t\t<\/div>\n\t\t<\/section>\n\t\t\t\t<div class=\"elementor-element elementor-element-4245b365 elementor-invisible elementor-widget elementor-widget-heading\" data-id=\"4245b365\" data-element_type=\"widget\" data-settings=\"{&quot;_animation&quot;:&quot;fadeInUp&quot;}\" data-widget_type=\"heading.default\">\n\t\t\t\t<div class=\"elementor-widget-container\">\n\t\t\t\t\t<h2 class=\"elementor-heading-title elementor-size-default\">La lime de Tahiti ou citron vert<\/h2>\t\t\t\t<\/div>\n\t\t\t\t<\/div>\n\t\t\t\t<div class=\"elementor-element elementor-element-61e9ba24 elementor-invisible elementor-widget elementor-widget-text-editor\" data-id=\"61e9ba24\" data-element_type=\"widget\" data-settings=\"{&quot;_animation&quot;:&quot;fadeInUp&quot;}\" data-widget_type=\"text-editor.default\">\n\t\t\t\t<div class=\"elementor-widget-container\">\n\t\t\t\t\t\t\t\t\t<p>Bien s\u00fbr, nous connaissons tous le fameux <strong>cocktail<\/strong> Mojito o\u00f9 la lime de Tahiti est la star dans sa composition.<br \/>Ce fruit est aussi particuli\u00e8rement appr\u00e9ci\u00e9 par les <strong>chefs<\/strong>. La puissance de son go\u00fbt en fait un <strong>v\u00e9ritable atout en cuisine<\/strong> !<\/p>\t\t\t\t\t\t\t\t<\/div>\n\t\t\t\t<\/div>\n\t\t\t\t<section class=\"elementor-section elementor-inner-section elementor-element elementor-element-46c0f799 elementor-section-boxed elementor-section-height-default elementor-section-height-default\" data-id=\"46c0f799\" data-element_type=\"section\">\n\t\t\t\t\t\t<div class=\"elementor-container elementor-column-gap-default\">\n\t\t\t\t\t<div class=\"elementor-column elementor-col-100 elementor-inner-column elementor-element elementor-element-1664cd8d\" data-id=\"1664cd8d\" data-element_type=\"column\">\n\t\t\t<div class=\"elementor-widget-wrap elementor-element-populated\">\n\t\t\t\t\t\t<div class=\"elementor-element elementor-element-54af5031 elementor-invisible elementor-widget elementor-widget-heading\" data-id=\"54af5031\" data-element_type=\"widget\" data-settings=\"{&quot;_animation&quot;:&quot;fadeInUp&quot;}\" data-widget_type=\"heading.default\">\n\t\t\t\t<div class=\"elementor-widget-container\">\n\t\t\t\t\t<h2 class=\"elementor-heading-title elementor-size-default\">La r\u00e9colte<\/h2>\t\t\t\t<\/div>\n\t\t\t\t<\/div>\n\t\t\t\t<div class=\"elementor-element elementor-element-5051fe8c elementor-invisible elementor-widget elementor-widget-text-editor\" data-id=\"5051fe8c\" data-element_type=\"widget\" data-settings=\"{&quot;_animation&quot;:&quot;fadeInUp&quot;}\" data-widget_type=\"text-editor.default\">\n\t\t\t\t<div class=\"elementor-widget-container\">\n\t\t\t\t\t\t\t\t\t<p>C&rsquo;est parti pour la r\u00e9colte des limes de Tahiti. Les fruits sont d\u00e9sormais \u00e0 maturit\u00e9.<br \/>Nous les r\u00e9coltons enti\u00e8rement \u00e0 la main.<\/p>\t\t\t\t\t\t\t\t<\/div>\n\t\t\t\t<\/div>\n\t\t\t\t\t<\/div>\n\t\t<\/div>\n\t\t\t\t\t<\/div>\n\t\t<\/section>\n\t\t\t\t<section class=\"elementor-section elementor-inner-section elementor-element elementor-element-b136189 elementor-section-boxed elementor-section-height-default elementor-section-height-default\" data-id=\"b136189\" data-element_type=\"section\">\n\t\t\t\t\t\t<div class=\"elementor-container elementor-column-gap-default\">\n\t\t\t\t\t<div class=\"elementor-column elementor-col-100 elementor-inner-column elementor-element elementor-element-f3b2480\" data-id=\"f3b2480\" data-element_type=\"column\">\n\t\t\t<div class=\"elementor-widget-wrap elementor-element-populated\">\n\t\t\t\t\t\t<div class=\"elementor-element elementor-element-ed52190 elementor-invisible elementor-widget elementor-widget-heading\" data-id=\"ed52190\" data-element_type=\"widget\" data-settings=\"{&quot;_animation&quot;:&quot;fadeInUp&quot;}\" data-widget_type=\"heading.default\">\n\t\t\t\t<div class=\"elementor-widget-container\">\n\t\t\t\t\t<h2 class=\"elementor-heading-title elementor-size-default\">Sa commercialisation<\/h2>\t\t\t\t<\/div>\n\t\t\t\t<\/div>\n\t\t\t\t<div class=\"elementor-element elementor-element-f98bf4f elementor-invisible elementor-widget elementor-widget-text-editor\" data-id=\"f98bf4f\" data-element_type=\"widget\" data-settings=\"{&quot;_animation&quot;:&quot;fadeInUp&quot;}\" data-widget_type=\"text-editor.default\">\n\t\t\t\t<div class=\"elementor-widget-container\">\n\t\t\t\t\t\t\t\t\t<p><strong>Cette production est quasi confidentielle, alors d\u00e9couvrez et profitez de nos limes de Tahiti\u00a0Corse.\u00a0<\/strong><\/p><p><span style=\"font-weight: 400;\">Nos limes sont \u00a0conditionn\u00e9es en vrac \u00a0:\u00a0<\/span><\/p><ul><li style=\"font-weight: 400;\" aria-level=\"1\"><span style=\"font-weight: 400;\">en carton de 4 kg<\/span><\/li><li style=\"font-weight: 400;\" aria-level=\"1\"><span style=\"font-weight: 400;\">en carton de 6 kg<\/span><\/li><\/ul><p><strong>Pensez aux Pas Beaux, mais bons et toujours Bio.<\/strong> La possibilit\u00e9 de cr\u00e9er un produit d&rsquo;appel dans vos rayons en cette rentr\u00e9e.<\/p>\t\t\t\t\t\t\t\t<\/div>\n\t\t\t\t<\/div>\n\t\t\t\t\t<\/div>\n\t\t<\/div>\n\t\t\t\t\t<\/div>\n\t\t<\/section>\n\t\t\t\t<div class=\"elementor-element elementor-element-e51ca94 elementor-invisible elementor-widget elementor-widget-text-editor\" data-id=\"e51ca94\" data-element_type=\"widget\" data-settings=\"{&quot;_animation&quot;:&quot;fadeInUp&quot;}\" data-widget_type=\"text-editor.default\">\n\t\t\t\t<div class=\"elementor-widget-container\">\n\t\t\t\t\t\t\t\t\t<p style=\"text-align: center;\"><strong><span style=\"color: #ff6600;\">D\u00e9couvrez notre <span style=\"caret-color: #ff6600;\">fiche<\/span> produit : <a href=\"https:\/\/www.maison-berghman.bio\/en\/nos-fruits-bio-corse\/lime-de-tahiti\/\">Lime de Tahiti<\/a><\/span><\/strong><\/p>\t\t\t\t\t\t\t\t<\/div>\n\t\t\t\t<\/div>\n\t\t\t\t<div class=\"elementor-element elementor-element-91bb13b elementor-cta--skin-classic elementor-animated-content elementor-bg-transform elementor-bg-transform-zoom-in elementor-widget elementor-widget-call-to-action\" data-id=\"91bb13b\" data-element_type=\"widget\" data-widget_type=\"call-to-action.default\">\n\t\t\t\t<div class=\"elementor-widget-container\">\n\t\t\t\t\t\t\t<div class=\"elementor-cta\">\n\t\t\t\t\t\t\t<div class=\"elementor-cta__content\">\n\t\t\t\t\n\t\t\t\t\t\t\t\t\t<h2 class=\"elementor-cta__title elementor-cta__content-item elementor-content-item\">\n\t\t\t\t\t\tVous \u00eates int\u00e9ress\u00e9 ?\t\t\t\t\t<\/h2>\n\t\t\t\t\n\t\t\t\t\n\t\t\t\t\t\t\t\t\t<div class=\"elementor-cta__button-wrapper elementor-cta__content-item elementor-content-item\">\n\t\t\t\t\t<a class=\"elementor-cta__button elementor-button elementor-size-\" href=\"mailto:commercial@maison-berghman.bio\">\n\t\t\t\t\t\tContactez notre \u00e9quipe commerciale\t\t\t\t\t<\/a>\n\t\t\t\t\t<\/div>\n\t\t\t\t\t\t\t<\/div>\n\t\t\t\t\t\t<\/div>\n\t\t\t\t\t\t<\/div>\n\t\t\t\t<\/div>\n\t\t\t\t<section class=\"elementor-section elementor-inner-section elementor-element elementor-element-abfdc33 elementor-section-boxed elementor-section-height-default elementor-section-height-default elementor-invisible\" data-id=\"abfdc33\" data-element_type=\"section\" data-settings=\"{&quot;animation&quot;:&quot;fadeInUp&quot;}\">\n\t\t\t\t\t\t<div class=\"elementor-container elementor-column-gap-no\">\n\t\t\t\t\t<div class=\"elementor-column elementor-col-100 elementor-inner-column elementor-element elementor-element-17a3d36\" data-id=\"17a3d36\" data-element_type=\"column\">\n\t\t\t<div class=\"elementor-widget-wrap elementor-element-populated\">\n\t\t\t\t\t\t<div class=\"elementor-element elementor-element-0ed6112 elementor-invisible elementor-widget elementor-widget-post-info\" data-id=\"0ed6112\" data-element_type=\"widget\" data-settings=\"{&quot;_animation&quot;:&quot;fadeInUp&quot;}\" data-widget_type=\"post-info.default\">\n\t\t\t\t<div class=\"elementor-widget-container\">\n\t\t\t\t\t\t\t<ul class=\"elementor-inline-items elementor-icon-list-items elementor-post-info\">\n\t\t\t\t\t\t\t\t<li class=\"elementor-icon-list-item elementor-repeater-item-406f3b7 elementor-inline-item\" itemprop=\"about\">\n\t\t\t\t\t\t\t\t\t\t<span class=\"elementor-icon-list-icon\">\n\t\t\t\t\t\t\t\t<i aria-hidden=\"true\" class=\"icon icon-tags\"><\/i>\t\t\t\t\t\t\t<\/span>\n\t\t\t\t\t\t\t\t\t<span class=\"elementor-icon-list-text elementor-post-info__item elementor-post-info__item--type-terms\">\n\t\t\t\t\t\t\t\t\t\t<span class=\"elementor-post-info__terms-list\">\n\t\t\t\t<a href=\"https:\/\/www.maison-berghman.bio\/en\/category\/l-actualite-des-vergers\/\" class=\"elementor-post-info__terms-list-item\">L&#039;actualit\u00e9 des vergers<\/a>, <a href=\"https:\/\/www.maison-berghman.bio\/en\/category\/les-fruits-du-moment\/\" class=\"elementor-post-info__terms-list-item\">Les fruits du moment<\/a>, <a href=\"https:\/\/www.maison-berghman.bio\/en\/category\/non-classe\/\" class=\"elementor-post-info__terms-list-item\">Non class\u00e9<\/a>, <a href=\"https:\/\/www.maison-berghman.bio\/en\/category\/pour-que-demain-soit-possible\/\" class=\"elementor-post-info__terms-list-item\">Pour que demain soit possible<\/a>\t\t\t\t<\/span>\n\t\t\t\t\t<\/span>\n\t\t\t\t\t\t\t\t<\/li>\n\t\t\t\t<li class=\"elementor-icon-list-item elementor-repeater-item-fe1211f elementor-inline-item\" itemprop=\"about\">\n\t\t\t\t\t\t\t\t\t\t<span class=\"elementor-icon-list-icon\">\n\t\t\t\t\t\t\t\t<i aria-hidden=\"true\" class=\"fas fa-tags\"><\/i>\t\t\t\t\t\t\t<\/span>\n\t\t\t\t\t\t\t\t\t<span class=\"elementor-icon-list-text elementor-post-info__item elementor-post-info__item--type-terms\">\n\t\t\t\t\t\t\t\t\t\t<span class=\"elementor-post-info__terms-list\">\n\t\t\t\t<a href=\"https:\/\/www.maison-berghman.bio\/en\/tag\/agriculture-biologique\/\" class=\"elementor-post-info__terms-list-item\">agriculture biologique<\/a>, <a href=\"https:\/\/www.maison-berghman.bio\/en\/tag\/fruit-bio\/\" class=\"elementor-post-info__terms-list-item\">fruit bio<\/a>, <a href=\"https:\/\/www.maison-berghman.bio\/en\/tag\/lime-de-tahiti\/\" class=\"elementor-post-info__terms-list-item\">lime de Tahiti<\/a>\t\t\t\t<\/span>\n\t\t\t\t\t<\/span>\n\t\t\t\t\t\t\t\t<\/li>\n\t\t\t\t<\/ul>\n\t\t\t\t\t\t<\/div>\n\t\t\t\t<\/div>\n\t\t\t\t\t<\/div>\n\t\t<\/div>\n\t\t\t\t\t<\/div>\n\t\t<\/section>\n\t\t\t\t<div class=\"elementor-element elementor-element-361640dc elementor-author-box--layout-image-above elementor-author-box--align-left elementor-invisible elementor-widget elementor-widget-author-box\" data-id=\"361640dc\" data-element_type=\"widget\" data-settings=\"{&quot;_animation&quot;:&quot;fadeInUp&quot;}\" data-widget_type=\"author-box.default\">\n\t\t\t\t<div class=\"elementor-widget-container\">\n\t\t\t\t\t\t\t<div class=\"elementor-author-box\">\n\t\t\t\t\t\t\t<a href=\"https:\/\/www.maison-berghman.bio\/en\/un-lieu-une-famille\/\" class=\"elementor-author-box__avatar\">\n\t\t\t\t\t<img decoding=\"async\" src=\"https:\/\/www.maison-berghman.bio\/wp-content\/uploads\/2023\/08\/Serge-Berghman-profil-300x292.jpg\" alt=\"Picture of Serge Berghman\" loading=\"lazy\">\n\t\t\t\t<\/a>\n\t\t\t\n\t\t\t<div class=\"elementor-author-box__text\">\n\t\t\t\t\t\t\t\t\t<a href=\"https:\/\/www.maison-berghman.bio\/en\/un-lieu-une-famille\/\">\n\t\t\t\t\t\t<h4 class=\"elementor-author-box__name\">\n\t\t\t\t\t\t\tSerge Berghman\t\t\t\t\t\t<\/h4>\n\t\t\t\t\t<\/a>\n\t\t\t\t\n\t\t\t\t\t\t\t\t\t<div class=\"elementor-author-box__bio\">\n\t\t\t\t\t\t<p>Directeur commercial de la Maison Berghman<br \/>\nParticuli\u00e8rement exp\u00e9riment\u00e9 dans le domaine commercial, Serge \u00e9paule aujourd'hui Patrick . Une approche march\u00e9 et marketing pr\u00e9cieuse pour la Maison Berghman.<\/p>\n\t\t\t\t\t<\/div>\n\t\t\t\t\n\t\t\t\t\t\t\t<\/div>\n\t\t<\/div>\n\t\t\t\t\t\t<\/div>\n\t\t\t\t<\/div>\n\t\t\t\t\t<\/div>\n\t\t<\/div>\n\t\t\t\t\t<\/div>\n\t\t<\/section>\n\t\t\t\t<\/div>","protected":false},"excerpt":{"rendered":"<p>Les limes de Tahiti bio de la Maison Berghman sont r\u00e9colt\u00e9es en septembre et octobre.C&rsquo;est le top d\u00e9part pour nos cueilleurs qui vont encha\u00eener la r\u00e9colte des diff\u00e9rents agrumes de la Maison Berghman. La lime de Tahiti ou citron vert Bien s\u00fbr, nous connaissons tous le fameux cocktail Mojito o\u00f9 la lime de Tahiti est [&hellip;]<\/p>","protected":false},"author":3,"featured_media":2210,"comment_status":"closed","ping_status":"open","sticky":false,"template":"","format":"standard","meta":{"footnotes":""},"categories":[27,26,1,44],"tags":[48,53,56],"class_list":["post-3092","post","type-post","status-publish","format-standard","has-post-thumbnail","hentry","category-l-actualite-des-vergers","category-les-fruits-du-moment","category-non-classe","category-pour-que-demain-soit-possible","tag-agriculture-biologique","tag-fruit-bio","tag-lime-de-tahiti"],"yoast_head":"<!-- This site is optimized with the Yoast SEO plugin v25.4 - https:\/\/yoast.com\/wordpress\/plugins\/seo\/ -->\n<title>La lime, top d\u00e9part de la r\u00e9colte en ce d\u00e9but septembre - Berghman Agrumes Bio Corse<\/title>\n<meta name=\"description\" content=\"Les limes de Tahiti de la Maison Berghman, cultiv\u00e9es en agriculture biologique, sont r\u00e9colt\u00e9es en septembre et octobre.\" \/>\n<meta name=\"robots\" content=\"index, follow, max-snippet:-1, max-image-preview:large, max-video-preview:-1\" \/>\n<link rel=\"canonical\" href=\"https:\/\/www.maison-berghman.bio\/en\/la-lime-top-depart-de-la-recolte-en-ce-debut-septembre\/\" \/>\n<meta property=\"og:locale\" content=\"en_GB\" \/>\n<meta property=\"og:type\" content=\"article\" \/>\n<meta property=\"og:title\" content=\"La lime, top d\u00e9part de la r\u00e9colte en ce d\u00e9but septembre - Berghman Agrumes Bio Corse\" \/>\n<meta property=\"og:description\" content=\"Les limes de Tahiti de la Maison Berghman, cultiv\u00e9es en agriculture biologique, sont r\u00e9colt\u00e9es en septembre et octobre.\" \/>\n<meta property=\"og:url\" content=\"https:\/\/www.maison-berghman.bio\/en\/la-lime-top-depart-de-la-recolte-en-ce-debut-septembre\/\" \/>\n<meta property=\"og:site_name\" content=\"Berghman Agrumes Bio Corse\" \/>\n<meta property=\"article:published_time\" content=\"2023-08-28T10:01:59+00:00\" \/>\n<meta property=\"article:modified_time\" content=\"2023-09-11T12:21:51+00:00\" \/>\n<meta property=\"og:image\" content=\"https:\/\/www.maison-berghman.bio\/wp-content\/uploads\/2023\/07\/Lime-gros-plan-fruit.jpg\" \/>\n\t<meta property=\"og:image:width\" content=\"1024\" \/>\n\t<meta property=\"og:image:height\" content=\"1365\" \/>\n\t<meta property=\"og:image:type\" content=\"image\/jpeg\" \/>\n<meta name=\"author\" content=\"Serge\" \/>\n<meta name=\"twitter:card\" content=\"summary_large_image\" \/>\n<meta name=\"twitter:label1\" content=\"Written by\" \/>\n\t<meta name=\"twitter:data1\" content=\"Serge\" \/>\n\t<meta name=\"twitter:label2\" content=\"Estimated reading time\" \/>\n\t<meta name=\"twitter:data2\" content=\"2 minutes\" \/>\n<script type=\"application\/ld+json\" class=\"yoast-schema-graph\">{\"@context\":\"https:\/\/schema.org\",\"@graph\":[{\"@type\":\"Article\",\"@id\":\"https:\/\/www.maison-berghman.bio\/la-lime-top-depart-de-la-recolte-en-ce-debut-septembre\/#article\",\"isPartOf\":{\"@id\":\"https:\/\/www.maison-berghman.bio\/la-lime-top-depart-de-la-recolte-en-ce-debut-septembre\/\"},\"author\":{\"name\":\"Serge\",\"@id\":\"https:\/\/www.maison-berghman.bio\/#\/schema\/person\/8942be5719de4c1a5ec53731b56ac593\"},\"headline\":\"La lime, top d\u00e9part de la r\u00e9colte en ce d\u00e9but septembre\",\"datePublished\":\"2023-08-28T10:01:59+00:00\",\"dateModified\":\"2023-09-11T12:21:51+00:00\",\"mainEntityOfPage\":{\"@id\":\"https:\/\/www.maison-berghman.bio\/la-lime-top-depart-de-la-recolte-en-ce-debut-septembre\/\"},\"wordCount\":207,\"publisher\":{\"@id\":\"https:\/\/www.maison-berghman.bio\/#organization\"},\"image\":{\"@id\":\"https:\/\/www.maison-berghman.bio\/la-lime-top-depart-de-la-recolte-en-ce-debut-septembre\/#primaryimage\"},\"thumbnailUrl\":\"https:\/\/www.maison-berghman.bio\/wp-content\/uploads\/2023\/07\/Lime-gros-plan-fruit.jpg\",\"keywords\":[\"agriculture biologique\",\"fruit bio\",\"lime de Tahiti\"],\"articleSection\":[\"L'actualit\u00e9 des vergers\",\"Les fruits du moment\",\"Non class\u00e9\",\"Pour que demain soit possible\"],\"inLanguage\":\"en-GB\"},{\"@type\":\"WebPage\",\"@id\":\"https:\/\/www.maison-berghman.bio\/la-lime-top-depart-de-la-recolte-en-ce-debut-septembre\/\",\"url\":\"https:\/\/www.maison-berghman.bio\/la-lime-top-depart-de-la-recolte-en-ce-debut-septembre\/\",\"name\":\"La lime, top d\u00e9part de la r\u00e9colte en ce d\u00e9but septembre - Berghman Agrumes Bio Corse\",\"isPartOf\":{\"@id\":\"https:\/\/www.maison-berghman.bio\/#website\"},\"primaryImageOfPage\":{\"@id\":\"https:\/\/www.maison-berghman.bio\/la-lime-top-depart-de-la-recolte-en-ce-debut-septembre\/#primaryimage\"},\"image\":{\"@id\":\"https:\/\/www.maison-berghman.bio\/la-lime-top-depart-de-la-recolte-en-ce-debut-septembre\/#primaryimage\"},\"thumbnailUrl\":\"https:\/\/www.maison-berghman.bio\/wp-content\/uploads\/2023\/07\/Lime-gros-plan-fruit.jpg\",\"datePublished\":\"2023-08-28T10:01:59+00:00\",\"dateModified\":\"2023-09-11T12:21:51+00:00\",\"description\":\"Les limes de Tahiti de la Maison Berghman, cultiv\u00e9es en agriculture biologique, sont r\u00e9colt\u00e9es en septembre et octobre.\",\"breadcrumb\":{\"@id\":\"https:\/\/www.maison-berghman.bio\/la-lime-top-depart-de-la-recolte-en-ce-debut-septembre\/#breadcrumb\"},\"inLanguage\":\"en-GB\",\"potentialAction\":[{\"@type\":\"ReadAction\",\"target\":[\"https:\/\/www.maison-berghman.bio\/la-lime-top-depart-de-la-recolte-en-ce-debut-septembre\/\"]}]},{\"@type\":\"ImageObject\",\"inLanguage\":\"en-GB\",\"@id\":\"https:\/\/www.maison-berghman.bio\/la-lime-top-depart-de-la-recolte-en-ce-debut-septembre\/#primaryimage\",\"url\":\"https:\/\/www.maison-berghman.bio\/wp-content\/uploads\/2023\/07\/Lime-gros-plan-fruit.jpg\",\"contentUrl\":\"https:\/\/www.maison-berghman.bio\/wp-content\/uploads\/2023\/07\/Lime-gros-plan-fruit.jpg\",\"width\":1024,\"height\":1365,\"caption\":\"Lime de Tahiti Bio de la Maison Berghman\"},{\"@type\":\"BreadcrumbList\",\"@id\":\"https:\/\/www.maison-berghman.bio\/la-lime-top-depart-de-la-recolte-en-ce-debut-septembre\/#breadcrumb\",\"itemListElement\":[{\"@type\":\"ListItem\",\"position\":1,\"name\":\"Accueil\",\"item\":\"https:\/\/www.maison-berghman.bio\/\"},{\"@type\":\"ListItem\",\"position\":2,\"name\":\"La lime, top d\u00e9part de la r\u00e9colte en ce d\u00e9but septembre\"}]},{\"@type\":\"WebSite\",\"@id\":\"https:\/\/www.maison-berghman.bio\/#website\",\"url\":\"https:\/\/www.maison-berghman.bio\/\",\"name\":\"Berghman Agrumes Bio Corse\",\"description\":\"Agriculteurs commer\u00e7ants, le Bio est notre identit\u00e9\",\"publisher\":{\"@id\":\"https:\/\/www.maison-berghman.bio\/#organization\"},\"potentialAction\":[{\"@type\":\"SearchAction\",\"target\":{\"@type\":\"EntryPoint\",\"urlTemplate\":\"https:\/\/www.maison-berghman.bio\/?s={search_term_string}\"},\"query-input\":{\"@type\":\"PropertyValueSpecification\",\"valueRequired\":true,\"valueName\":\"search_term_string\"}}],\"inLanguage\":\"en-GB\"},{\"@type\":\"Organization\",\"@id\":\"https:\/\/www.maison-berghman.bio\/#organization\",\"name\":\"Berghman Agrumes Bio Corse\",\"url\":\"https:\/\/www.maison-berghman.bio\/\",\"logo\":{\"@type\":\"ImageObject\",\"inLanguage\":\"en-GB\",\"@id\":\"https:\/\/www.maison-berghman.bio\/#\/schema\/logo\/image\/\",\"url\":\"https:\/\/www.maison-berghman.bio\/wp-content\/uploads\/2023\/06\/Logo-MB-fond-blanc.svg\",\"contentUrl\":\"https:\/\/www.maison-berghman.bio\/wp-content\/uploads\/2023\/06\/Logo-MB-fond-blanc.svg\",\"width\":1200,\"height\":1200,\"caption\":\"Berghman Agrumes Bio Corse\"},\"image\":{\"@id\":\"https:\/\/www.maison-berghman.bio\/#\/schema\/logo\/image\/\"}},{\"@type\":\"Person\",\"@id\":\"https:\/\/www.maison-berghman.bio\/#\/schema\/person\/8942be5719de4c1a5ec53731b56ac593\",\"name\":\"Serge\",\"image\":{\"@type\":\"ImageObject\",\"inLanguage\":\"en-GB\",\"@id\":\"https:\/\/www.maison-berghman.bio\/#\/schema\/person\/image\/\",\"url\":\"https:\/\/secure.gravatar.com\/avatar\/6db702b666d9a18da2fb9276b688f32a09e063c6f5c0d0754fdd5185aceea18e?s=96&d=mm&r=g\",\"contentUrl\":\"https:\/\/secure.gravatar.com\/avatar\/6db702b666d9a18da2fb9276b688f32a09e063c6f5c0d0754fdd5185aceea18e?s=96&d=mm&r=g\",\"caption\":\"Serge\"},\"description\":\"Directeur commercial de la Maison Berghman Particuli\u00e8rement exp\u00e9riment\u00e9 dans le domaine commercial, Serge \u00e9paule aujourd'hui Patrick . Une approche march\u00e9 et marketing pr\u00e9cieuse pour la Maison Berghman.\",\"url\":\"https:\/\/www.maison-berghman.bio\/en\"}]}<\/script>\n<!-- \/ Yoast SEO plugin. -->","yoast_head_json":{"title":"La lime, top d\u00e9part de la r\u00e9colte en ce d\u00e9but septembre - Berghman Agrumes Bio Corse","description":"Les limes de Tahiti de la Maison Berghman, cultiv\u00e9es en agriculture biologique, sont r\u00e9colt\u00e9es en septembre et octobre.","robots":{"index":"index","follow":"follow","max-snippet":"max-snippet:-1","max-image-preview":"max-image-preview:large","max-video-preview":"max-video-preview:-1"},"canonical":"https:\/\/www.maison-berghman.bio\/en\/la-lime-top-depart-de-la-recolte-en-ce-debut-septembre\/","og_locale":"en_GB","og_type":"article","og_title":"La lime, top d\u00e9part de la r\u00e9colte en ce d\u00e9but septembre - Berghman Agrumes Bio Corse","og_description":"Les limes de Tahiti de la Maison Berghman, cultiv\u00e9es en agriculture biologique, sont r\u00e9colt\u00e9es en septembre et octobre.","og_url":"https:\/\/www.maison-berghman.bio\/en\/la-lime-top-depart-de-la-recolte-en-ce-debut-septembre\/","og_site_name":"Berghman Agrumes Bio Corse","article_published_time":"2023-08-28T10:01:59+00:00","article_modified_time":"2023-09-11T12:21:51+00:00","og_image":[{"width":1024,"height":1365,"url":"https:\/\/www.maison-berghman.bio\/wp-content\/uploads\/2023\/07\/Lime-gros-plan-fruit.jpg","type":"image\/jpeg"}],"author":"Serge","twitter_card":"summary_large_image","twitter_misc":{"Written by":"Serge","Estimated reading time":"2 minutes"},"schema":{"@context":"https:\/\/schema.org","@graph":[{"@type":"Article","@id":"https:\/\/www.maison-berghman.bio\/la-lime-top-depart-de-la-recolte-en-ce-debut-septembre\/#article","isPartOf":{"@id":"https:\/\/www.maison-berghman.bio\/la-lime-top-depart-de-la-recolte-en-ce-debut-septembre\/"},"author":{"name":"Serge","@id":"https:\/\/www.maison-berghman.bio\/#\/schema\/person\/8942be5719de4c1a5ec53731b56ac593"},"headline":"La lime, top d\u00e9part de la r\u00e9colte en ce d\u00e9but septembre","datePublished":"2023-08-28T10:01:59+00:00","dateModified":"2023-09-11T12:21:51+00:00","mainEntityOfPage":{"@id":"https:\/\/www.maison-berghman.bio\/la-lime-top-depart-de-la-recolte-en-ce-debut-septembre\/"},"wordCount":207,"publisher":{"@id":"https:\/\/www.maison-berghman.bio\/#organization"},"image":{"@id":"https:\/\/www.maison-berghman.bio\/la-lime-top-depart-de-la-recolte-en-ce-debut-septembre\/#primaryimage"},"thumbnailUrl":"https:\/\/www.maison-berghman.bio\/wp-content\/uploads\/2023\/07\/Lime-gros-plan-fruit.jpg","keywords":["agriculture biologique","fruit bio","lime de Tahiti"],"articleSection":["L'actualit\u00e9 des vergers","Les fruits du moment","Non class\u00e9","Pour que demain soit possible"],"inLanguage":"en-GB"},{"@type":"WebPage","@id":"https:\/\/www.maison-berghman.bio\/la-lime-top-depart-de-la-recolte-en-ce-debut-septembre\/","url":"https:\/\/www.maison-berghman.bio\/la-lime-top-depart-de-la-recolte-en-ce-debut-septembre\/","name":"La lime, top d\u00e9part de la r\u00e9colte en ce d\u00e9but septembre - Berghman Agrumes Bio Corse","isPartOf":{"@id":"https:\/\/www.maison-berghman.bio\/#website"},"primaryImageOfPage":{"@id":"https:\/\/www.maison-berghman.bio\/la-lime-top-depart-de-la-recolte-en-ce-debut-septembre\/#primaryimage"},"image":{"@id":"https:\/\/www.maison-berghman.bio\/la-lime-top-depart-de-la-recolte-en-ce-debut-septembre\/#primaryimage"},"thumbnailUrl":"https:\/\/www.maison-berghman.bio\/wp-content\/uploads\/2023\/07\/Lime-gros-plan-fruit.jpg","datePublished":"2023-08-28T10:01:59+00:00","dateModified":"2023-09-11T12:21:51+00:00","description":"Les limes de Tahiti de la Maison Berghman, cultiv\u00e9es en agriculture biologique, sont r\u00e9colt\u00e9es en septembre et octobre.","breadcrumb":{"@id":"https:\/\/www.maison-berghman.bio\/la-lime-top-depart-de-la-recolte-en-ce-debut-septembre\/#breadcrumb"},"inLanguage":"en-GB","potentialAction":[{"@type":"ReadAction","target":["https:\/\/www.maison-berghman.bio\/la-lime-top-depart-de-la-recolte-en-ce-debut-septembre\/"]}]},{"@type":"ImageObject","inLanguage":"en-GB","@id":"https:\/\/www.maison-berghman.bio\/la-lime-top-depart-de-la-recolte-en-ce-debut-septembre\/#primaryimage","url":"https:\/\/www.maison-berghman.bio\/wp-content\/uploads\/2023\/07\/Lime-gros-plan-fruit.jpg","contentUrl":"https:\/\/www.maison-berghman.bio\/wp-content\/uploads\/2023\/07\/Lime-gros-plan-fruit.jpg","width":1024,"height":1365,"caption":"Lime de Tahiti Bio de la Maison Berghman"},{"@type":"BreadcrumbList","@id":"https:\/\/www.maison-berghman.bio\/la-lime-top-depart-de-la-recolte-en-ce-debut-septembre\/#breadcrumb","itemListElement":[{"@type":"ListItem","position":1,"name":"Accueil","item":"https:\/\/www.maison-berghman.bio\/"},{"@type":"ListItem","position":2,"name":"La lime, top d\u00e9part de la r\u00e9colte en ce d\u00e9but septembre"}]},{"@type":"WebSite","@id":"https:\/\/www.maison-berghman.bio\/#website","url":"https:\/\/www.maison-berghman.bio\/","name":"Berghman Agrumes Bio Corse","description":"Agriculteurs commer\u00e7ants, le Bio est notre identit\u00e9","publisher":{"@id":"https:\/\/www.maison-berghman.bio\/#organization"},"potentialAction":[{"@type":"SearchAction","target":{"@type":"EntryPoint","urlTemplate":"https:\/\/www.maison-berghman.bio\/?s={search_term_string}"},"query-input":{"@type":"PropertyValueSpecification","valueRequired":true,"valueName":"search_term_string"}}],"inLanguage":"en-GB"},{"@type":"Organization","@id":"https:\/\/www.maison-berghman.bio\/#organization","name":"Berghman Agrumes Bio Corse","url":"https:\/\/www.maison-berghman.bio\/","logo":{"@type":"ImageObject","inLanguage":"en-GB","@id":"https:\/\/www.maison-berghman.bio\/#\/schema\/logo\/image\/","url":"https:\/\/www.maison-berghman.bio\/wp-content\/uploads\/2023\/06\/Logo-MB-fond-blanc.svg","contentUrl":"https:\/\/www.maison-berghman.bio\/wp-content\/uploads\/2023\/06\/Logo-MB-fond-blanc.svg","width":1200,"height":1200,"caption":"Berghman Agrumes Bio Corse"},"image":{"@id":"https:\/\/www.maison-berghman.bio\/#\/schema\/logo\/image\/"}},{"@type":"Person","@id":"https:\/\/www.maison-berghman.bio\/#\/schema\/person\/8942be5719de4c1a5ec53731b56ac593","name":"Serge","image":{"@type":"ImageObject","inLanguage":"en-GB","@id":"https:\/\/www.maison-berghman.bio\/#\/schema\/person\/image\/","url":"https:\/\/secure.gravatar.com\/avatar\/6db702b666d9a18da2fb9276b688f32a09e063c6f5c0d0754fdd5185aceea18e?s=96&d=mm&r=g","contentUrl":"https:\/\/secure.gravatar.com\/avatar\/6db702b666d9a18da2fb9276b688f32a09e063c6f5c0d0754fdd5185aceea18e?s=96&d=mm&r=g","caption":"Serge"},"description":"Directeur commercial de la Maison Berghman Particuli\u00e8rement exp\u00e9riment\u00e9 dans le domaine commercial, Serge \u00e9paule aujourd'hui Patrick . Une approche march\u00e9 et marketing pr\u00e9cieuse pour la Maison Berghman.","url":"https:\/\/www.maison-berghman.bio\/en"}]}},"_links":{"self":[{"href":"https:\/\/www.maison-berghman.bio\/en\/wp-json\/wp\/v2\/posts\/3092","targetHints":{"allow":["GET"]}}],"collection":[{"href":"https:\/\/www.maison-berghman.bio\/en\/wp-json\/wp\/v2\/posts"}],"about":[{"href":"https:\/\/www.maison-berghman.bio\/en\/wp-json\/wp\/v2\/types\/post"}],"author":[{"embeddable":true,"href":"https:\/\/www.maison-berghman.bio\/en\/wp-json\/wp\/v2\/users\/3"}],"replies":[{"embeddable":true,"href":"https:\/\/www.maison-berghman.bio\/en\/wp-json\/wp\/v2\/comments?post=3092"}],"version-history":[{"count":24,"href":"https:\/\/www.maison-berghman.bio\/en\/wp-json\/wp\/v2\/posts\/3092\/revisions"}],"predecessor-version":[{"id":3744,"href":"https:\/\/www.maison-berghman.bio\/en\/wp-json\/wp\/v2\/posts\/3092\/revisions\/3744"}],"wp:featuredmedia":[{"embeddable":true,"href":"https:\/\/www.maison-berghman.bio\/en\/wp-json\/wp\/v2\/media\/2210"}],"wp:attachment":[{"href":"https:\/\/www.maison-berghman.bio\/en\/wp-json\/wp\/v2\/media?parent=3092"}],"wp:term":[{"taxonomy":"category","embeddable":true,"href":"https:\/\/www.maison-berghman.bio\/en\/wp-json\/wp\/v2\/categories?post=3092"},{"taxonomy":"post_tag","embeddable":true,"href":"https:\/\/www.maison-berghman.bio\/en\/wp-json\/wp\/v2\/tags?post=3092"}],"curies":[{"name":"wp","href":"https:\/\/api.w.org\/{rel}","templated":true}]}}